{"id":4626,"date":"2020-11-22T14:49:00","date_gmt":"2020-11-22T12:49:00","guid":{"rendered":"https:\/\/gpt-dev.i3a.es\/?p=4626"},"modified":"2023-05-18T14:52:14","modified_gmt":"2023-05-18T12:52:14","slug":"aragon-puede-ser-una-region-puntera-para-los-biocombustibles","status":"publish","type":"post","link":"https:\/\/gpt.i3a.es\/es\/aragon-puede-ser-una-region-puntera-para-los-biocombustibles\/","title":{"rendered":"\u201cArag\u00f3n puede ser una regi\u00f3n puntera para los biocombustibles\u201d"},"content":{"rendered":"<div id=\"pl-gb4626-69f2114d3089a\"  class=\"panel-layout\" ><div id=\"pg-gb4626-69f2114d3089a-0\"  class=\"panel-grid panel-has-style\" ><div class=\"siteorigin-panels-stretch panel-row-style panel-row-style-for-gb4626-69f2114d3089a-0\" data-stretch-type=\"full-width-stretch\" ><div id=\"pgc-gb4626-69f2114d3089a-0-0\"  class=\"panel-grid-cell\" ><div id=\"panel-gb4626-69f2114d3089a-0-0-0\" class=\"so-panel widget widget_sow-hero panel-first-child panel-last-child\" data-index=\"0\" ><div\n\t\t\t\n\t\t\tclass=\"so-widget-sow-hero so-widget-sow-hero-default-93415d0e2dbf-4626 so-widget-fittext-wrapper\"\n\t\t\t data-fit-text-compressor=\"0.85\"\n\t\t>\t\t\t\t<div class=\"sow-slider-base\" style=\"display: none\" tabindex=\"0\">\n\t\t\t\t\t<ul\n\t\t\t\t\tclass=\"sow-slider-images\"\n\t\t\t\t\tdata-settings=\"{&quot;pagination&quot;:true,&quot;speed&quot;:800,&quot;timeout&quot;:8000,&quot;paused&quot;:false,&quot;pause_on_hover&quot;:false,&quot;swipe&quot;:true,&quot;nav_always_show_desktop&quot;:&quot;&quot;,&quot;nav_always_show_mobile&quot;:&quot;&quot;,&quot;breakpoint&quot;:&quot;780px&quot;,&quot;unmute&quot;:false,&quot;anchor&quot;:null}\"\n\t\t\t\t\t\t\t\t\t\tdata-anchor-id=\"\"\n\t\t\t\t>\t\t<li class=\"sow-slider-image\" style=\"visibility: visible;;background-color: #1e73be\" >\n\t\t\t\t\t<div class=\"sow-slider-image-container\">\n\t\t\t<div class=\"sow-slider-image-wrapper\">\n\t\t\t\t<h3 style=\"text-align: center\"><a href=\"..\/news\/\">Noticias<\/a><\/h3>\n<h1 class=\"entry-title\" style=\"text-align: center\"><strong>\u201cArag\u00f3n puede ser una regi\u00f3n puntera para los biocombustibles\u201d<\/strong><\/h1>\t\t\t<\/div>\n\t\t<\/div>\n\t\t\t\t<\/li>\n\t\t<\/ul>\t\t\t\t<ol class=\"sow-slider-pagination\">\n\t\t\t\t\t\t\t\t\t\t\t<li><a href=\"#\" data-goto=\"0\" aria-label=\"mostrar diapositiva 1\"><\/a><\/li>\n\t\t\t\t\t\t\t\t\t<\/ol>\n\n\t\t\t\t<div class=\"sow-slide-nav sow-slide-nav-next\">\n\t\t\t\t\t<a href=\"#\" data-goto=\"next\" aria-label=\"diapositiva siguiente\" data-action=\"next\">\n\t\t\t\t\t\t<em class=\"sow-sld-icon-thin-right\"><\/em>\n\t\t\t\t\t<\/a>\n\t\t\t\t<\/div>\n\n\t\t\t\t<div class=\"sow-slide-nav sow-slide-nav-prev\">\n\t\t\t\t\t<a href=\"#\" data-goto=\"previous\" aria-label=\"diapositiva anterior\" data-action=\"prev\">\n\t\t\t\t\t\t<em class=\"sow-sld-icon-thin-left\"><\/em>\n\t\t\t\t\t<\/a>\n\t\t\t\t<\/div>\n\t\t\t\t<\/div><\/div><\/div><\/div><\/div><\/div><\/div>\n\n<div id=\"pl-gb4626-69f2114d31280\"  class=\"panel-layout\" ><div id=\"pg-gb4626-69f2114d31280-0\"  class=\"panel-grid panel-no-style\" ><div id=\"pgc-gb4626-69f2114d31280-0-0\"  class=\"panel-grid-cell\" ><div id=\"panel-gb4626-69f2114d31280-0-0-0\" class=\"so-panel widget widget_sow-editor panel-first-child panel-last-child\" data-index=\"0\" ><div\n\t\t\t\n\t\t\tclass=\"so-widget-sow-editor so-widget-sow-editor-base\"\n\t\t\t\n\t\t>\n<div class=\"siteorigin-widget-tinymce textwidget\">\n\t<p><strong><em>22\/11\/2020<\/em><\/strong><\/p>\n<div class=\"kc-elm kc-css-194468\"><span style=\"font-size: inherit;\">El responsable del centro europeo de I+D de Boeing, Jos\u00e9 Enrique Rom\u00e1n, defiende que Arag\u00f3n es la mejor regi\u00f3n para la puesta en marcha de una planta donde fabriquen biocombustible para sustituir el queroseno de los aviones para reducir en un 50% la contaminaci\u00f3n de la atm\u00f3sfera en 2050. Un estudio apunta que utilizar\u00e1n los cultivos que no son de cadena alimentaria y los residuos urbanos para la materia prima.<\/span><\/div>\n<div class=\"kc-elm kc-css-337526 kc_text_block\">\n<div class=\"epigraph-container\">\n<p><em>Heraldo de Arag\u00f3n, 22\/11\/2020.<\/em><\/p>\n<p id=\"m53-52-54\" class=\"epigraph\"><a href=\"https:\/\/www.heraldo.es\/noticias\/aragon\/2020\/11\/22\/centro-investigacion-beoing-aragon-biocombustible-planta-1406416.html\">Link<\/a><\/p>\n<\/div>\n<\/div>\n<\/div>\n<\/div><\/div><\/div><div id=\"pgc-gb4626-69f2114d31280-0-1\"  class=\"panel-grid-cell\" ><div id=\"panel-gb4626-69f2114d31280-0-1-0\" class=\"so-panel widget widget_sow-image panel-first-child panel-last-child\" data-index=\"1\" ><div\n\t\t\t\n\t\t\tclass=\"so-widget-sow-image so-widget-sow-image-default-c67d20f9f743-4626\"\n\t\t\t\n\t\t>\n<div class=\"sow-image-container\">\n\t\t<img \n\tsrc=\"https:\/\/gpt.i3a.es\/wp-content\/uploads\/2020\/11\/entrevista.jpeg\" width=\"990\" height=\"742\" srcset=\"https:\/\/gpt.i3a.es\/wp-content\/uploads\/2020\/11\/entrevista.jpeg 990w, https:\/\/gpt.i3a.es\/wp-content\/uploads\/2020\/11\/entrevista-300x225.jpeg 300w, https:\/\/gpt.i3a.es\/wp-content\/uploads\/2020\/11\/entrevista-768x576.jpeg 768w, https:\/\/gpt.i3a.es\/wp-content\/uploads\/2020\/11\/entrevista-16x12.jpeg 16w\" sizes=\"(max-width: 990px) 100vw, 990px\" alt=\"\" \t\tclass=\"so-widget-image\"\/>\n\t<\/div>\n\n<\/div><\/div><\/div><\/div><\/div>\n\n\n<p><\/p>","protected":false},"excerpt":{"rendered":"","protected":false},"author":1,"featured_media":3872,"comment_status":"closed","ping_status":"open","sticky":false,"template":"","format":"standard","meta":{"footnotes":""},"categories":[221],"tags":[220,214],"class_list":["post-4626","post","type-post","status-publish","format-standard","has-post-thumbnail","hentry","category-news","tag-aragon","tag-i3a"],"_links":{"self":[{"href":"https:\/\/gpt.i3a.es\/es\/wp-json\/wp\/v2\/posts\/4626","targetHints":{"allow":["GET"]}}],"collection":[{"href":"https:\/\/gpt.i3a.es\/es\/wp-json\/wp\/v2\/posts"}],"about":[{"href":"https:\/\/gpt.i3a.es\/es\/wp-json\/wp\/v2\/types\/post"}],"author":[{"embeddable":true,"href":"https:\/\/gpt.i3a.es\/es\/wp-json\/wp\/v2\/users\/1"}],"replies":[{"embeddable":true,"href":"https:\/\/gpt.i3a.es\/es\/wp-json\/wp\/v2\/comments?post=4626"}],"version-history":[{"count":5,"href":"https:\/\/gpt.i3a.es\/es\/wp-json\/wp\/v2\/posts\/4626\/revisions"}],"predecessor-version":[{"id":4631,"href":"https:\/\/gpt.i3a.es\/es\/wp-json\/wp\/v2\/posts\/4626\/revisions\/4631"}],"wp:featuredmedia":[{"embeddable":true,"href":"https:\/\/gpt.i3a.es\/es\/wp-json\/wp\/v2\/media\/3872"}],"wp:attachment":[{"href":"https:\/\/gpt.i3a.es\/es\/wp-json\/wp\/v2\/media?parent=4626"}],"wp:term":[{"taxonomy":"category","embeddable":true,"href":"https:\/\/gpt.i3a.es\/es\/wp-json\/wp\/v2\/categories?post=4626"},{"taxonomy":"post_tag","embeddable":true,"href":"https:\/\/gpt.i3a.es\/es\/wp-json\/wp\/v2\/tags?post=4626"}],"curies":[{"name":"wp","href":"https:\/\/api.w.org\/{rel}","templated":true}]}}