{"id":4789,"date":"2021-11-23T13:10:00","date_gmt":"2021-11-23T11:10:00","guid":{"rendered":"https:\/\/gpt-dev.i3a.es\/?p=4789"},"modified":"2023-05-25T13:17:41","modified_gmt":"2023-05-25T11:17:41","slug":"el-gpt-premio-tercer-milenio-de-heraldo-de-aragon","status":"publish","type":"post","link":"https:\/\/gpt.i3a.es\/es\/el-gpt-premio-tercer-milenio-de-heraldo-de-aragon\/","title":{"rendered":"El GPT, Premio Tercer Milenio de Heraldo de Arag\u00f3n"},"content":{"rendered":"<div id=\"pl-gb4789-69f211196e087\"  class=\"panel-layout\" ><div id=\"pg-gb4789-69f211196e087-0\"  class=\"panel-grid panel-has-style\" ><div class=\"siteorigin-panels-stretch panel-row-style panel-row-style-for-gb4789-69f211196e087-0\" data-stretch-type=\"full-width-stretch\" ><div id=\"pgc-gb4789-69f211196e087-0-0\"  class=\"panel-grid-cell\" ><div id=\"panel-gb4789-69f211196e087-0-0-0\" class=\"so-panel widget widget_sow-hero panel-first-child panel-last-child\" data-index=\"0\" ><div\n\t\t\t\n\t\t\tclass=\"so-widget-sow-hero so-widget-sow-hero-default-93415d0e2dbf-4789 so-widget-fittext-wrapper\"\n\t\t\t data-fit-text-compressor=\"0.85\"\n\t\t>\t\t\t\t<div class=\"sow-slider-base\" style=\"display: none\" tabindex=\"0\">\n\t\t\t\t\t<ul\n\t\t\t\t\tclass=\"sow-slider-images\"\n\t\t\t\t\tdata-settings=\"{&quot;pagination&quot;:true,&quot;speed&quot;:800,&quot;timeout&quot;:8000,&quot;paused&quot;:false,&quot;pause_on_hover&quot;:false,&quot;swipe&quot;:true,&quot;nav_always_show_desktop&quot;:&quot;&quot;,&quot;nav_always_show_mobile&quot;:&quot;&quot;,&quot;breakpoint&quot;:&quot;780px&quot;,&quot;unmute&quot;:false,&quot;anchor&quot;:null}\"\n\t\t\t\t\t\t\t\t\t\tdata-anchor-id=\"\"\n\t\t\t\t>\t\t<li class=\"sow-slider-image\" style=\"visibility: visible;;background-color: #1e73be\" >\n\t\t\t\t\t<div class=\"sow-slider-image-container\">\n\t\t\t<div class=\"sow-slider-image-wrapper\">\n\t\t\t\t<h3 style=\"text-align: center\"><a href=\"..\/news\/\">Noticias<\/a><\/h3>\n<h1 class=\"entry-title\" style=\"text-align: center\"><strong>El GPT, Premio Tercer Milenio de Heraldo de Arag\u00f3n\n<\/strong><\/h1>\t\t\t<\/div>\n\t\t<\/div>\n\t\t\t\t<\/li>\n\t\t<\/ul>\t\t\t\t<ol class=\"sow-slider-pagination\">\n\t\t\t\t\t\t\t\t\t\t\t<li><a href=\"#\" data-goto=\"0\" aria-label=\"mostrar diapositiva 1\"><\/a><\/li>\n\t\t\t\t\t\t\t\t\t<\/ol>\n\n\t\t\t\t<div class=\"sow-slide-nav sow-slide-nav-next\">\n\t\t\t\t\t<a href=\"#\" data-goto=\"next\" aria-label=\"diapositiva siguiente\" data-action=\"next\">\n\t\t\t\t\t\t<em class=\"sow-sld-icon-thin-right\"><\/em>\n\t\t\t\t\t<\/a>\n\t\t\t\t<\/div>\n\n\t\t\t\t<div class=\"sow-slide-nav sow-slide-nav-prev\">\n\t\t\t\t\t<a href=\"#\" data-goto=\"previous\" aria-label=\"diapositiva anterior\" data-action=\"prev\">\n\t\t\t\t\t\t<em class=\"sow-sld-icon-thin-left\"><\/em>\n\t\t\t\t\t<\/a>\n\t\t\t\t<\/div>\n\t\t\t\t<\/div><\/div><\/div><\/div><\/div><\/div><\/div>\n\n<div id=\"pl-gb4789-69f211196eba7\"  class=\"panel-layout\" ><div id=\"pg-gb4789-69f211196eba7-0\"  class=\"panel-grid panel-no-style\" ><div id=\"pgc-gb4789-69f211196eba7-0-0\"  class=\"panel-grid-cell\" ><div id=\"panel-gb4789-69f211196eba7-0-0-0\" class=\"so-panel widget widget_sow-editor panel-first-child panel-last-child\" data-index=\"0\" ><div\n\t\t\t\n\t\t\tclass=\"so-widget-sow-editor so-widget-sow-editor-base\"\n\t\t\t\n\t\t>\n<div class=\"siteorigin-widget-tinymce textwidget\">\n\t<p><strong><em>23\/11\/2021<\/em><\/strong><\/p>\n<p>La s\u00e9ptima edici\u00f3n de los Premios Tercer Milenio ya tiene ganadores, y\u00a0<strong>nuestro Grupo ha resultado ganador en la categor\u00eda de Transferencia de conocimiento a la empresa<\/strong>. El premio resalta la extensa labor de colaboraci\u00f3n con empresas del GPT:<\/p>\n<blockquote>\n<p>La actividad investigadora del grupo se centra principalmente en producci\u00f3n de bioproductos y biocombustibles a partir de biomasa y residuos y en conversi\u00f3n de combustibles y minimizaci\u00f3n de emisiones contaminantes. Todo ello se enmarca en conceptos de gran futuro como biorrefiner\u00eda, residuos cero, econom\u00eda circular y descarbonizaci\u00f3n. La colaboraci\u00f3n en I+D+i con empresas es muy amplia, con colaboraciones en proyectos y redes europeas. Adem\u00e1s, se han desarrollado proyectos y contratos de investigaci\u00f3n con un alto n\u00famero de empresas, entre las que se pueden citar Urbaser, Saica, Taim-Weser, Cadagua, Abengoa, Abengoa Research, Enagas, Endesa, Sevillana, Finertec, Josper, Sirasa, Carburos Met\u00e1licos, Viscofan, Carburos S.A., EDEO, Tereos-Syral, Industrias Qu\u00edmicas del Ebro, etc.<\/p>\n<\/blockquote>\n<p><strong>Enlace a la noticia:<\/strong><\/p>\n<p id=\"screen-reader-main-title\" class=\"Head u-font-serif u-h2 u-margin-s-ver\"><a href=\"https:\/\/www.heraldo.es\/noticias\/aragon\/2021\/11\/23\/los-premios-tercer-milenio-ya-tienen-ganadores-heraldo-1535597.html\">Los Premios Tercer Milenio ya tienen ganadores<\/a><\/p>\n<\/div>\n<\/div><\/div><\/div><div id=\"pgc-gb4789-69f211196eba7-0-1\"  class=\"panel-grid-cell\" ><div id=\"panel-gb4789-69f211196eba7-0-1-0\" class=\"so-panel widget widget_sow-image panel-first-child panel-last-child\" data-index=\"1\" ><div\n\t\t\t\n\t\t\tclass=\"so-widget-sow-image so-widget-sow-image-default-c67d20f9f743-4789\"\n\t\t\t\n\t\t>\n<div class=\"sow-image-container\">\n\t\t<img \n\tsrc=\"https:\/\/gpt.i3a.es\/wp-content\/uploads\/2021\/11\/premios-tercer-milenio-.jpeg\" width=\"990\" height=\"742\" srcset=\"https:\/\/gpt.i3a.es\/wp-content\/uploads\/2021\/11\/premios-tercer-milenio-.jpeg 990w, https:\/\/gpt.i3a.es\/wp-content\/uploads\/2021\/11\/premios-tercer-milenio--300x225.jpeg 300w, https:\/\/gpt.i3a.es\/wp-content\/uploads\/2021\/11\/premios-tercer-milenio--768x576.jpeg 768w, https:\/\/gpt.i3a.es\/wp-content\/uploads\/2021\/11\/premios-tercer-milenio--16x12.jpeg 16w\" sizes=\"(max-width: 990px) 100vw, 990px\" alt=\"\" \t\tclass=\"so-widget-image\"\/>\n\t<\/div>\n\n<\/div><\/div><\/div><\/div><\/div>\n\n\n<p><\/p>","protected":false},"excerpt":{"rendered":"","protected":false},"author":1,"featured_media":4132,"comment_status":"closed","ping_status":"open","sticky":false,"template":"","format":"standard","meta":{"footnotes":""},"categories":[221],"tags":[220,214],"class_list":["post-4789","post","type-post","status-publish","format-standard","has-post-thumbnail","hentry","category-news","tag-aragon","tag-i3a"],"_links":{"self":[{"href":"https:\/\/gpt.i3a.es\/es\/wp-json\/wp\/v2\/posts\/4789","targetHints":{"allow":["GET"]}}],"collection":[{"href":"https:\/\/gpt.i3a.es\/es\/wp-json\/wp\/v2\/posts"}],"about":[{"href":"https:\/\/gpt.i3a.es\/es\/wp-json\/wp\/v2\/types\/post"}],"author":[{"embeddable":true,"href":"https:\/\/gpt.i3a.es\/es\/wp-json\/wp\/v2\/users\/1"}],"replies":[{"embeddable":true,"href":"https:\/\/gpt.i3a.es\/es\/wp-json\/wp\/v2\/comments?post=4789"}],"version-history":[{"count":1,"href":"https:\/\/gpt.i3a.es\/es\/wp-json\/wp\/v2\/posts\/4789\/revisions"}],"predecessor-version":[{"id":4790,"href":"https:\/\/gpt.i3a.es\/es\/wp-json\/wp\/v2\/posts\/4789\/revisions\/4790"}],"wp:featuredmedia":[{"embeddable":true,"href":"https:\/\/gpt.i3a.es\/es\/wp-json\/wp\/v2\/media\/4132"}],"wp:attachment":[{"href":"https:\/\/gpt.i3a.es\/es\/wp-json\/wp\/v2\/media?parent=4789"}],"wp:term":[{"taxonomy":"category","embeddable":true,"href":"https:\/\/gpt.i3a.es\/es\/wp-json\/wp\/v2\/categories?post=4789"},{"taxonomy":"post_tag","embeddable":true,"href":"https:\/\/gpt.i3a.es\/es\/wp-json\/wp\/v2\/tags?post=4789"}],"curies":[{"name":"wp","href":"https:\/\/api.w.org\/{rel}","templated":true}]}}